[{"@context":"https:\/\/schema.org\/","@type":"Article","@id":"https:\/\/www.fiver.sk\/hladite-pri-dezinfekcii-aj-na-tieto-dolezite-detaily\/#Article","mainEntityOfPage":"https:\/\/www.fiver.sk\/hladite-pri-dezinfekcii-aj-na-tieto-dolezite-detaily\/","headline":"H\u013ead\u00edte pri dezinfekcii aj na tieto (d\u00f4le\u017eit\u00e9) detaily?","name":"H\u013ead\u00edte pri dezinfekcii aj na tieto (d\u00f4le\u017eit\u00e9) detaily?","description":"Nebude u\u017e \u017eiadnou novinkou, ak sa do\u010d\u00edtate, \u017ee hygiena a dezinfikovanie s\u00fa v s\u00fa\u010dasnosti ve\u013emi d\u00f4le\u017eit\u00e9. Vlastne viac, ne\u017e pred s\u00fa\u010dasnou pand\u00e9miou spojenou s koronav\u00edrusom. Nie je to len o nosen\u00ed r\u00fa\u0161ka a respir\u00e1tora, d\u00f4le\u017eit\u00fd je toti\u017e aj faktor, ak\u00fdm s\u00fa spr\u00edsnen\u00e9 hygienick\u00e9 n\u00e1vyky a pravideln\u00e1 dezinfekcia. A k tomuto mus\u00ed pristupova\u0165 ka\u017ed\u00fd z n\u00e1s [&hellip;]","datePublished":"2021-04-25","dateModified":"2024-02-20","author":{"@type":"Person","@id":"https:\/\/www.fiver.sk\/author\/#Person","name":"","url":"https:\/\/www.fiver.sk\/author\/","identifier":1,"image":{"@type":"ImageObject","@id":"https:\/\/secure.gravatar.com\/avatar\/ed80251b84ed676fcd71ef963d220ceeed5d461f9c4be55eee40f0fa01d17ef9?s=96&d=mm&r=g","url":"https:\/\/secure.gravatar.com\/avatar\/ed80251b84ed676fcd71ef963d220ceeed5d461f9c4be55eee40f0fa01d17ef9?s=96&d=mm&r=g","height":96,"width":96}},"publisher":{"@type":"Organization","name":"fiver.sk","logo":{"@type":"ImageObject","@id":"\/logo.png","url":"\/logo.png","width":600,"height":60}},"image":{"@type":"ImageObject","@id":"https:\/\/www.fiver.sk\/wp-content\/uploads\/povrch_a7mx3L.png","url":"https:\/\/www.fiver.sk\/wp-content\/uploads\/povrch_a7mx3L.png","height":0,"width":0},"url":"https:\/\/www.fiver.sk\/hladite-pri-dezinfekcii-aj-na-tieto-dolezite-detaily\/","about":["Produkty"],"wordCount":405,"articleBody":"           Nebude u\u017e \u017eiadnou novinkou, ak sa do\u010d\u00edtate, \u017ee hygiena a dezinfikovanie s\u00fa v s\u00fa\u010dasnosti ve\u013emi d\u00f4le\u017eit\u00e9. Vlastne viac, ne\u017e pred s\u00fa\u010dasnou pand\u00e9miou spojenou s koronav\u00edrusom. Nie je to len o nosen\u00ed r\u00fa\u0161ka a respir\u00e1tora, d\u00f4le\u017eit\u00fd je toti\u017e aj faktor, ak\u00fdm s\u00fa spr\u00edsnen\u00e9 hygienick\u00e9 n\u00e1vyky a pravideln\u00e1 dezinfekcia. A k tomuto mus\u00ed pristupova\u0165 ka\u017ed\u00fd z n\u00e1s individu\u00e1lne, z vlastn\u00e9ho z\u00e1ujmu. Vrav\u00edme napr\u00edklad o pravidelnom \u010disten\u00ed r\u00fak, k\u013eu\u010diek na dver\u00e1ch, n\u00e1kupn\u00fdch ko\u0161\u00edkov, vyp\u00edna\u010dov,.. a in\u00fdch \u201edetailov\u201c, s ktor\u00fdmi sme denne v kontakte a neust\u00e1le sa ich dot\u00fdkame. Po sebe sam\u00fdch, ale aj po in\u00fdch \u013eu\u010foch. Logicky sa zvy\u0161uje tie\u017e dopyt po kvalitn\u00fdch dezinfek\u010dn\u00fdch prostriedkoch, \u010di u\u017e m\u00e1te v pl\u00e1ne dezinfikova\u0165 r\u00f4zne plochy, predmety, miesta, \u010di va\u0161e ruky.  Dezinfek\u010dn\u00e9 prostriedky rady ST\u00c9RIDINE inaktivuj\u00fa patog\u00e9ny a pritom nepo\u0161kodzuj\u00fa \u017eivotn\u00e9 prostredie. Dezinfekcie ST\u00c9RIDINE sp\u013a\u0148aj\u00fa najn\u00e1ro\u010dnej\u0161ie krit\u00e9ri\u00e1 a preto ich odpor\u00fa\u010dame zvl\u00e1\u0161\u0165 citliv\u00fdm \u013eu\u010fom, ktor\u00ed trpia najr\u00f4znej\u0161\u00edmi alergiami a in\u00fdmi reakciami. \u010co sa ale v spojitosti s \u00fa\u010dinnou dezinfekciou oplat\u00ed vedie\u0165, to s\u00fa aj tie men\u0161ie veci, ktor\u00fdm sa oplat\u00ed venova\u0165 pozornos\u0165. Ve\u010f bakt\u00e9rie a v\u00edrusy boli a s\u00fa prakticky v\u0161ade. Je to prirodzen\u00e9 a naozaj nechceme vyvola\u0165 paniku, je ale na mieste dba\u0165 na zv\u00fd\u0161en\u00fa hygienu a z h\u013eadiska \u010distenia venova\u0165 pozornos\u0165 napr\u00edklad aj t\u00fdmto veciam, ak\u00fdmi s\u00fa:  Va\u0161e k\u013e\u00fa\u010de, s nimi ste predsa v pravidelnom fyzickom kontakte. V tomto smere tak m\u00f4\u017eeme rovno spomen\u00fa\u0165 tie\u017e mobil, preto\u017ee nie v\u017edy stihneme ma\u0165 umyt\u00e9 ruky, no aj napriek tomu reflex\u00edvne dv\u00edhame hovory alebo vol\u00e1me svojim zn\u00e1mym. Kabelky s\u00fa pre niektor\u00fdch z n\u00e1s (najm\u00e4 pre d\u00e1my) neodmyslite\u013enou s\u00fa\u010das\u0165ou a s\u00fa s nami v\u0161ade, \u010do znamen\u00e1, \u017ee s\u00fa n\u00e1chyln\u00e9 na \u201epochytanie\u201c r\u00f4znych bakt\u00e9ri\u00ed. V tejto spojitosti m\u00f4\u017eeme spomen\u00fa\u0165 aj ruksak.  Z\u00e1kladom s\u00fa \u010dist\u00e9 ruky a pokia\u013e nem\u00e1te po ruke mydlo, vhodn\u00e9 s\u00fa dezinfek\u010dn\u00e9 prostriedky na r\u00fdchle umytie r\u00fak, s ak\u00fdmi sa stret\u00e1vame napr\u00edklad pri vstupe do obchodov \u010di na po\u0161te.                                                                                                                                                                                                                                                                                                                                                                                          4.3\/5 - (6 votes)        "},{"@context":"https:\/\/schema.org\/","@type":"BreadcrumbList","itemListElement":[{"@type":"ListItem","position":1,"name":"H\u013ead\u00edte pri dezinfekcii aj na tieto (d\u00f4le\u017eit\u00e9) detaily?","item":"https:\/\/www.fiver.sk\/hladite-pri-dezinfekcii-aj-na-tieto-dolezite-detaily\/#breadcrumbitem"}]}]